{"id":35688,"date":"2026-09-05T20:56:55","date_gmt":"2026-09-05T23:56:55","guid":{"rendered":"https:\/\/diarioalagoas.com.br\/?p=35688"},"modified":"2026-09-05T20:56:55","modified_gmt":"2026-09-05T23:56:55","slug":"prefeitura-de-maceio-maceio-atinge-90-da-ocupacao-hoteleira-no","status":"publish","type":"post","link":"https:\/\/diarioalagoas.com.br\/?p=35688","title":{"rendered":"Prefeitura de Macei\u00f3 | Macei\u00f3 atinge 90% da ocupa\u00e7\u00e3o hoteleira no\u2026"},"content":{"rendered":"<p> <br \/>\n<\/p>\n<div id=\"\">\n<p>A maior parte dos hot\u00e9is de Macei\u00f3 est\u00e3o reservados para o feriado prolongado de 7 de setembro. O levantamento feito pela Associa\u00e7\u00e3o Brasileira da Ind\u00fastria de Hot\u00e9is de Alagoas aponta que a capital atingiu 90% da capacidade hoteleira para o per\u00edodo, demonstrando o interesse tur\u00edstico no destino mesmo fora da alta temporada.<\/p>\n<p>O dado tamb\u00e9m reflete o investimento que a gest\u00e3o municipal tem feito no turismo. A expans\u00e3o da rede hoteleira, com a entrega de hot\u00e9is de alto padr\u00e3o, parcerias com companhias a\u00e9reas e operadoras e iniciativas como o Macei\u00f3 Investe, que fomentam setores estrat\u00e9gicos que impulsionam a economia local, como o turismo, justificam a alta procura.<\/p>\n<p>Macei\u00f3 tamb\u00e9m \u00e9 um dos principais destinos para turistas estrangeiros, segundo dados do Boletim Braztoa, divulgado pela Associa\u00e7\u00e3o Brasileira das Operadoras de Turismo, Macei\u00f3 alcan\u00e7ou a segunda coloca\u00e7\u00e3o nacional no primeiro semestre de 2026, ficando \u00e0 frente de destinos como Foz do Igua\u00e7u, S\u00e3o Paulo e Salvador.<\/p>\n<p>Para o prefeito Rodrigo Cunha, investir no turismo e atra\u00e7\u00e3o de turistas \u00e9 tamb\u00e9m investir na sustentabilidade da economia, com\u00e9rcio  e cultura local, consagrando Macei\u00f3 n\u00e3o apenas como uma cidade tur\u00edstica pelas suas praias paradis\u00edacas, mas como um polo completo de desenvolvimento.<\/p>\n<p>\u201cEssa ocupa\u00e7\u00e3o mostra que os investimentos e as a\u00e7\u00f5es da Prefeitura de Macei\u00f3 est\u00e3o dando resultado. Estamos atraindo mais visitantes, movimentando o com\u00e9rcio, gerando oportunidades e valorizando a nossa cultura. Quando o turismo cresce, a cidade cresce junto, porque cada turista que chega movimenta hot\u00e9is, restaurantes, bares, lojas e toda a economia criativa da cidade\u201d, disse o prefeito.<\/p>\n<div class=\"gabinate\">\n<a href=\"https:\/\/maceio.al.gov.br\/secretarias-e-orgaos\/secom\">SECOM<\/a><\/p>\n<h2>Secretaria Municipal de Comunica\u00e7\u00e3o<\/h2>\n<p><span><\/p>\n<p>Rua S\u00e1 e Albuquerque, Jaragu\u00e1, N\u00ba 235, Po\u00e7o.<br \/>CEP: 57022-180 \/\/ Telefone: (82) 3312-5840 \/ 98882-8116 (Imprensa)<\/p>\n<p><\/span><\/div>\n<\/div>\n<p><script async defer crossorigin=\"anonymous\" src=\"https:\/\/connect.facebook.net\/pt_BR\/sdk.js#xfbml=1&#038;version=v12.0\" nonce=\"0pFl3y7T\"><\/script><br \/>\n<br \/><br \/>\n<br \/><a href=\"https:\/\/maceio.al.gov.br\/noticias\/secom\/maceio-atinge-90-da-ocupacao-hoteleira-no-feriado-de-7-de-setembro\">Prefeitura de Macei\u00f3 <\/a><\/p>\n","protected":false},"excerpt":{"rendered":"<p>A maior parte dos hot\u00e9is de Macei\u00f3 est\u00e3o reservados para o feriado prolongado de 7 de setembro. O levantamento feito pela Associa\u00e7\u00e3o Brasileira da Ind\u00fastria de Hot\u00e9is de Alagoas aponta que a capital atingiu 90% da capacidade hoteleira para o per\u00edodo, demonstrando o interesse tur\u00edstico no destino mesmo fora da alta temporada. O dado tamb\u00e9m [&hellip;]<\/p>\n","protected":false},"author":1,"featured_media":35689,"comment_status":"closed","ping_status":"","sticky":false,"template":"","format":"standard","meta":{"footnotes":""},"categories":[9],"tags":[],"class_list":["post-35688","post","type-post","status-publish","format-standard","has-post-thumbnail","hentry","category-maceio"],"_links":{"self":[{"href":"https:\/\/diarioalagoas.com.br\/index.php?rest_route=\/wp\/v2\/posts\/35688","targetHints":{"allow":["GET"]}}],"collection":[{"href":"https:\/\/diarioalagoas.com.br\/index.php?rest_route=\/wp\/v2\/posts"}],"about":[{"href":"https:\/\/diarioalagoas.com.br\/index.php?rest_route=\/wp\/v2\/types\/post"}],"author":[{"embeddable":true,"href":"https:\/\/diarioalagoas.com.br\/index.php?rest_route=\/wp\/v2\/users\/1"}],"replies":[{"embeddable":true,"href":"https:\/\/diarioalagoas.com.br\/index.php?rest_route=%2Fwp%2Fv2%2Fcomments&post=35688"}],"version-history":[{"count":0,"href":"https:\/\/diarioalagoas.com.br\/index.php?rest_route=\/wp\/v2\/posts\/35688\/revisions"}],"wp:featuredmedia":[{"embeddable":true,"href":"https:\/\/diarioalagoas.com.br\/index.php?rest_route=\/wp\/v2\/media\/35689"}],"wp:attachment":[{"href":"https:\/\/diarioalagoas.com.br\/index.php?rest_route=%2Fwp%2Fv2%2Fmedia&parent=35688"}],"wp:term":[{"taxonomy":"category","embeddable":true,"href":"https:\/\/diarioalagoas.com.br\/index.php?rest_route=%2Fwp%2Fv2%2Fcategories&post=35688"},{"taxonomy":"post_tag","embeddable":true,"href":"https:\/\/diarioalagoas.com.br\/index.php?rest_route=%2Fwp%2Fv2%2Ftags&post=35688"}],"curies":[{"name":"wp","href":"https:\/\/api.w.org\/{rel}","templated":true}]}}