{"id":35690,"date":"2026-09-05T22:06:50","date_gmt":"2026-09-06T01:06:50","guid":{"rendered":"https:\/\/diarioalagoas.com.br\/?p=35690"},"modified":"2026-09-05T22:06:50","modified_gmt":"2026-09-06T01:06:50","slug":"novo-campus-da-ufscar-tera-bacharelados-interdisciplinares","status":"publish","type":"post","link":"https:\/\/diarioalagoas.com.br\/?p=35690","title":{"rendered":"Novo campus da UFScar ter\u00e1 bacharelados interdisciplinares"},"content":{"rendered":"<p> <br \/>\n<\/p>\n<div>\n<p><strong>A Universidade Federal de S\u00e3o Carlos (UFSCar), no munic\u00edpio de S\u00e3o Jos\u00e9 do Rio Preto (SP), ter\u00e1 uma nova sede. <\/strong>O edif\u00edcio, antes uma f\u00e1brica, tem 11 mil metros quadrados de \u00e1rea constru\u00edda, estruturada em dois pavimentos, e dever\u00e1 passar por reformas para acomodar adequadamente a comunidade acad\u00eamica.<img decoding=\"async\" src=\"https:\/\/agenciabrasil.ebc.com.br\/ebc.png?id=1701659&amp;o=node\" style=\"width:1px; height:1px; display:inline;\"\/><img decoding=\"async\" src=\"https:\/\/agenciabrasil.ebc.com.br\/ebc.gif?id=1701659&amp;o=node\" style=\"width:1px; height:1px; display:inline;\"\/><\/p>\n<p>Os 90 estudantes est\u00e3o acompanhando as aulas em um\u00a0espa\u00e7o provis\u00f3rio, cedido pelo Instituto Federal de S\u00e3o Paulo (IFSP). \u00a0<\/p>\n<p>Ao todo, <strong>32 professores j\u00e1 foram contratados para lecionar\u00a0no local e 18 vagas est\u00e3o abertas para concurso p\u00fablico, com nomea\u00e7\u00e3o prevista para janeiro de 2027<\/strong>. O Minist\u00e9rio da Educa\u00e7\u00e3o tamb\u00e9m alocou 50 cargos de docente, de dire\u00e7\u00e3o e fun\u00e7\u00f5es gratificadas.<\/p>\n<p>O presidente Luiz In\u00e1cio Lula da Silva\u00a0e o ministro da Educa\u00e7\u00e3o, Leonardo Barchini, visitaram a futura sede\u00a0neste s\u00e1bado (5).<\/p>\n<h2>Bacharelados interdisciplinares<\/h2>\n<p><strong>Ao entrarem na institui\u00e7\u00e3o, os alunos poder\u00e3o cursar bacharelados interdisciplinares, para, somente no segundo ciclo, optarem por habilita\u00e7\u00f5es espec\u00edficas.<\/strong><\/p>\n<p>Para o primeiro ciclo, foi autorizado o funcionamento dos tr\u00eas primeiros cursos de gradua\u00e7\u00e3o:\u00a0<\/p>\n<ul>\n<li>Bacharelado Interdisciplinar em Ci\u00eancia, Tecnologia e Inova\u00e7\u00e3o \u2013 260 vagas anuais;\u00a0<\/li>\n<li>Bacharelado Interdisciplinar em Ci\u00eancias e Humanidades \u2013 150 vagas anuais;\u00a0<\/li>\n<li>Bacharelado Interdisciplinar em Artes \u2013 150 vagas anuais.<\/li>\n<\/ul>\n<p>Est\u00e3o previstas as \u00e1reas de Artes C\u00eanicas, Produ\u00e7\u00e3o Cultural, Arquitetura e Urbanismo (com \u00eanfase em habita\u00e7\u00e3o social), Servi\u00e7o Social, Intelig\u00eancia Artificial e Ci\u00eancia de Dados, e Engenharia de Manufatura e Design.<\/p>\n<p>Criada em 1968 e com atividades iniciadas em 13 de mar\u00e7o de 1970, a UFSCar\u00a0\u00e9 a primeira institui\u00e7\u00e3o federal de ensino superior instalada no interior do estado de S\u00e3o Paulo. Com campi situados em S\u00e3o Carlos (sede), Araras, Sorocaba, Lagoa do Sino e S\u00e3o Jos\u00e9 do Rio Preto.<\/p>\n<p>S\u00e3o Jos\u00e9 do Rio Preto \u00e9 polo de uma regi\u00e3o metropolitana que abrange 96 munic\u00edpios e cerca de 1,6 milh\u00e3o de habitantes, sendo 480 mil habitantes no pr\u00f3prio munic\u00edpio.<\/p>\n<p>      <!-- Relacionada --><br \/>\n            <!-- Relacionada -->\n    <\/div>\n<p><br \/>\n<br \/><a href=\"https:\/\/agenciabrasil.ebc.com.br\/educacao\/noticia\/2026-09\/novo-campus-da-ufscar-tera-bacharelados-interdisciplinares\">Ag\u00eancia Brasil<\/a><\/p>\n","protected":false},"excerpt":{"rendered":"<p>A Universidade Federal de S\u00e3o Carlos (UFSCar), no munic\u00edpio de S\u00e3o Jos\u00e9 do Rio Preto (SP), ter\u00e1 uma nova sede. O edif\u00edcio, antes uma f\u00e1brica, tem 11 mil metros quadrados de \u00e1rea constru\u00edda, estruturada em dois pavimentos, e dever\u00e1 passar por reformas para acomodar adequadamente a comunidade acad\u00eamica. Os 90 estudantes est\u00e3o acompanhando as aulas [&hellip;]<\/p>\n","protected":false},"author":1,"featured_media":35691,"comment_status":"closed","ping_status":"","sticky":false,"template":"","format":"standard","meta":{"footnotes":""},"categories":[13],"tags":[],"class_list":["post-35690","post","type-post","status-publish","format-standard","has-post-thumbnail","hentry","category-educacao"],"_links":{"self":[{"href":"https:\/\/diarioalagoas.com.br\/index.php?rest_route=\/wp\/v2\/posts\/35690","targetHints":{"allow":["GET"]}}],"collection":[{"href":"https:\/\/diarioalagoas.com.br\/index.php?rest_route=\/wp\/v2\/posts"}],"about":[{"href":"https:\/\/diarioalagoas.com.br\/index.php?rest_route=\/wp\/v2\/types\/post"}],"author":[{"embeddable":true,"href":"https:\/\/diarioalagoas.com.br\/index.php?rest_route=\/wp\/v2\/users\/1"}],"replies":[{"embeddable":true,"href":"https:\/\/diarioalagoas.com.br\/index.php?rest_route=%2Fwp%2Fv2%2Fcomments&post=35690"}],"version-history":[{"count":0,"href":"https:\/\/diarioalagoas.com.br\/index.php?rest_route=\/wp\/v2\/posts\/35690\/revisions"}],"wp:featuredmedia":[{"embeddable":true,"href":"https:\/\/diarioalagoas.com.br\/index.php?rest_route=\/wp\/v2\/media\/35691"}],"wp:attachment":[{"href":"https:\/\/diarioalagoas.com.br\/index.php?rest_route=%2Fwp%2Fv2%2Fmedia&parent=35690"}],"wp:term":[{"taxonomy":"category","embeddable":true,"href":"https:\/\/diarioalagoas.com.br\/index.php?rest_route=%2Fwp%2Fv2%2Fcategories&post=35690"},{"taxonomy":"post_tag","embeddable":true,"href":"https:\/\/diarioalagoas.com.br\/index.php?rest_route=%2Fwp%2Fv2%2Ftags&post=35690"}],"curies":[{"name":"wp","href":"https:\/\/api.w.org\/{rel}","templated":true}]}}