{"id":35694,"date":"2026-09-06T00:58:16","date_gmt":"2026-09-06T03:58:16","guid":{"rendered":"https:\/\/diarioalagoas.com.br\/?p=35694"},"modified":"2026-09-06T00:58:16","modified_gmt":"2026-09-06T03:58:16","slug":"prefeitura-de-maceio-educacao-de-maceio-escolhe-conselhos-escolares","status":"publish","type":"post","link":"https:\/\/diarioalagoas.com.br\/?p=35694","title":{"rendered":"Prefeitura de Macei\u00f3 | Educa\u00e7\u00e3o de Macei\u00f3 escolhe conselhos escolares\u2026"},"content":{"rendered":"<p> <br \/>\n<\/p>\n<div id=\"\">\n<p>A rede p\u00fablica de ensino de Macei\u00f3 elegeu, nos dias 2 e 3 de setembro, os novos representantes dos Conselhos Escolares de 148 unidades de ensino, entre 91 escolas e 57 Centros Municipais de Educa\u00e7\u00e3o Infantil (CMEIs). O processo eleitoral envolveu diferentes segmentos da comunidade escolar e definiu os representantes que atuar\u00e3o no bi\u00eanio 2026\/ 2028. A posse simb\u00f3lica dos novos conselheiros ser\u00e1 definida em breve pela Secretaria de Educa\u00e7\u00e3o de Macei\u00f3 (Semed).<\/p>\n<p>Professores, funcion\u00e1rios, pais ou respons\u00e1veis e alunos estavam aptos para se candidatarem, de acordo com os segmentos representados em cada unidade de ensino. A vota\u00e7\u00e3o ocorreu de forma presencial e foi organizada pelas pr\u00f3prias escolas, seguindo as regras estabelecidas para a elei\u00e7\u00e3o.<\/p>\n<p>O processo teve in\u00edcio no dia 2 de setembro, com a realiza\u00e7\u00e3o de assembleias nas unidades de ensino. Durante os encontros, foram escolhidos representantes dos segmentos de professores, funcion\u00e1rios, pais e alunos.<\/p>\n<p><strong>Composi\u00e7\u00e3o dos conselhos<\/strong><\/p>\n<p>Nas escolas da rede municipal, cada Conselho Escolar ser\u00e1 formado por 16 conselheiros, distribu\u00eddos entre os diferentes segmentos. A composi\u00e7\u00e3o prev\u00ea quatro representantes dos professores, quatro servidores, quatro alunos maiores de 18 anos e quatro pais ou respons\u00e1veis por alunos menores de 18 anos, entre titulares e suplentes. A composi\u00e7\u00e3o ainda inclui presidente, vice, secret\u00e1rio, tesoureiro, seis conselheiros titulares e seis suplentes.<\/p>\n<p>Nos CMEIs, os conselhos ter\u00e3o 12 integrantes, respeitando o princ\u00edpio da paridade. Ser\u00e3o tr\u00eas professores, tr\u00eas servidores e seis pais ou respons\u00e1veis por alunos. A composi\u00e7\u00e3o tamb\u00e9m contar\u00e1 com presidente, vice, secret\u00e1rio, tesoureiro, quatro titulares e quatro suplentes. As unidades de ensino registraram participa\u00e7\u00e3o considerada significativa da comunidade escolar durante o processo eleitoral.<\/p>\n<p><strong>Gest\u00e3o participativa<\/strong><\/p>\n<p>A coordenadora T\u00e9cnica de Articula\u00e7\u00e3o Escola, Fam\u00edlia e Comunidade da Semed, Edileuza Maciel, destaca que os conselhos escolares t\u00eam papel importante na constru\u00e7\u00e3o de uma gest\u00e3o mais democr\u00e1tica e participativa. \u201cOs Conselhos Escolares s\u00e3o fundamentais para fortalecer uma gest\u00e3o escolar democr\u00e1tica, participativa e transparente. Eles aproximam a escola das fam\u00edlias e da comunidade, permitindo que diferentes segmentos participem das decis\u00f5es que afetam a vida escolar\u201d, explicou.<\/p>\n<p>Com a renova\u00e7\u00e3o dos conselhos escolares, as unidades de ensino passam a administrar recursos financeiros provenientes de subven\u00e7\u00f5es, conv\u00eanios e arrecada\u00e7\u00f5es, sempre de acordo com as normas legais que regulamentam a atua\u00e7\u00e3o dos colegiados.<\/p>\n<p><strong>Forma\u00e7\u00e3o dos novos conselheiros<\/strong><\/p>\n<p>Ap\u00f3s a elei\u00e7\u00e3o, a pr\u00f3xima etapa ser\u00e1 a forma\u00e7\u00e3o continuada dos novos conselheiros escolares. A proposta da Semed prev\u00ea encontros presenciais por regi\u00f5es administrativas, oficinas pr\u00e1ticas e webin\u00e1rios.<\/p>\n<p>A capacita\u00e7\u00e3o ser\u00e1 realizada de forma intersetorial, envolvendo o setor de Forma\u00e7\u00e3o Continuada e a Ger\u00eancia T\u00e9cnica de Acompanhamento e Presta\u00e7\u00e3o de Contas. Tamb\u00e9m est\u00e1 previsto um acompanhamento mensal do funcionamento dos conselhos, em parceria com o CTRAE, para verificar a atua\u00e7\u00e3o efetiva das novas gest\u00f5es nas unidades da rede p\u00fablica municipal de ensino.<\/p>\n<p>Al\u00e9m das 148 unidades de ensino que institu\u00edram conselhos escolares durante o processo eleitoral, foram constitu\u00eddos, recentemente, o da Escola \u00c9 Massa e outro no CMEI Lucineide Gomes Flor.<\/p>\n<div class=\"gallery-item\">\n<span class=\"gallery-item__legend\">Fotos: Mel Cleto\/ Ascom Semed<\/span><\/div>\n<div class=\"gabinate\">\n<a href=\"https:\/\/maceio.al.gov.br\/secretarias-e-orgaos\/semed\">SEMED<\/a><\/p>\n<h2>Secretaria Municipal de Educa\u00e7\u00e3o<\/h2>\n<p><span><\/p>\n<p>Rua General Hermes, 1199 &#8211; Cambona<br \/>CEP 57017-201 \/\/ Telefone: (82) 3312-5608<br \/>Hor\u00e1rio de atendimento: segunda a sexta, de 8h \u00e0s 14h.<\/p>\n<p><\/span><\/div>\n<\/div>\n<p><script async defer crossorigin=\"anonymous\" src=\"https:\/\/connect.facebook.net\/pt_BR\/sdk.js#xfbml=1&#038;version=v12.0\" nonce=\"0pFl3y7T\"><\/script><br \/>\n<br \/><br \/>\n<br \/><a href=\"https:\/\/maceio.al.gov.br\/noticias\/semed\/educacao-de-maceio-escolhe-conselhos-escolares-de-148-unidades-de-ensino-da-rede-publica-municipal\">Prefeitura de Macei\u00f3 <\/a><\/p>\n","protected":false},"excerpt":{"rendered":"<p>A rede p\u00fablica de ensino de Macei\u00f3 elegeu, nos dias 2 e 3 de setembro, os novos representantes dos Conselhos Escolares de 148 unidades de ensino, entre 91 escolas e 57 Centros Municipais de Educa\u00e7\u00e3o Infantil (CMEIs). O processo eleitoral envolveu diferentes segmentos da comunidade escolar e definiu os representantes que atuar\u00e3o no bi\u00eanio 2026\/ [&hellip;]<\/p>\n","protected":false},"author":1,"featured_media":35695,"comment_status":"closed","ping_status":"","sticky":false,"template":"","format":"standard","meta":{"footnotes":""},"categories":[9],"tags":[],"class_list":["post-35694","post","type-post","status-publish","format-standard","has-post-thumbnail","hentry","category-maceio"],"_links":{"self":[{"href":"https:\/\/diarioalagoas.com.br\/index.php?rest_route=\/wp\/v2\/posts\/35694","targetHints":{"allow":["GET"]}}],"collection":[{"href":"https:\/\/diarioalagoas.com.br\/index.php?rest_route=\/wp\/v2\/posts"}],"about":[{"href":"https:\/\/diarioalagoas.com.br\/index.php?rest_route=\/wp\/v2\/types\/post"}],"author":[{"embeddable":true,"href":"https:\/\/diarioalagoas.com.br\/index.php?rest_route=\/wp\/v2\/users\/1"}],"replies":[{"embeddable":true,"href":"https:\/\/diarioalagoas.com.br\/index.php?rest_route=%2Fwp%2Fv2%2Fcomments&post=35694"}],"version-history":[{"count":0,"href":"https:\/\/diarioalagoas.com.br\/index.php?rest_route=\/wp\/v2\/posts\/35694\/revisions"}],"wp:featuredmedia":[{"embeddable":true,"href":"https:\/\/diarioalagoas.com.br\/index.php?rest_route=\/wp\/v2\/media\/35695"}],"wp:attachment":[{"href":"https:\/\/diarioalagoas.com.br\/index.php?rest_route=%2Fwp%2Fv2%2Fmedia&parent=35694"}],"wp:term":[{"taxonomy":"category","embeddable":true,"href":"https:\/\/diarioalagoas.com.br\/index.php?rest_route=%2Fwp%2Fv2%2Fcategories&post=35694"},{"taxonomy":"post_tag","embeddable":true,"href":"https:\/\/diarioalagoas.com.br\/index.php?rest_route=%2Fwp%2Fv2%2Ftags&post=35694"}],"curies":[{"name":"wp","href":"https:\/\/api.w.org\/{rel}","templated":true}]}}