{"id":35698,"date":"2026-09-06T05:26:26","date_gmt":"2026-09-06T08:26:26","guid":{"rendered":"https:\/\/diarioalagoas.com.br\/?p=35698"},"modified":"2026-09-06T05:26:26","modified_gmt":"2026-09-06T08:26:26","slug":"prefeitura-de-maceio-saude-dos-catadores-leva-servicos-medicos-e-de","status":"publish","type":"post","link":"https:\/\/diarioalagoas.com.br\/?p=35698","title":{"rendered":"Prefeitura de Macei\u00f3 | Sa\u00fade dos Catadores leva servi\u00e7os m\u00e9dicos e de\u2026"},"content":{"rendered":"<p> <br \/>\n<\/p>\n<div id=\"\">\n<p>A Autarquia Municipal de Desenvolvimento Sustent\u00e1vel e Limpeza Urbana (Alurb) inicia nesta sexta-feira (4) uma programa\u00e7\u00e3o especial voltada \u00e0 sa\u00fade dos catadores de materiais recicl\u00e1veis de Macei\u00f3. A iniciativa, realizada em parceria com as secretarias municipais de Sa\u00fade e de Assist\u00eancia Social, integra o programa Sa\u00fade dos Catadores \u2013 com Sa\u00fade da Gente e vai levar diferentes servi\u00e7os diretamente \u00e0s cooperativas.<\/p>\n<p>Ao longo do m\u00eas, os trabalhadores ter\u00e3o acesso a atendimento m\u00e9dico, vacina\u00e7\u00e3o, testes r\u00e1pidos, orienta\u00e7\u00e3o nutricional e atendimento psicol\u00f3gico. A programa\u00e7\u00e3o tamb\u00e9m inclui uma conversa sobre o teleatendimento psicol\u00f3gico, por meio da Teleterapia Macei\u00f3, al\u00e9m da escuta de profissionais como assistente social e m\u00e9dico do trabalho, que poder\u00e3o realizar orienta\u00e7\u00f5es e encaminhamentos de acordo com as necessidades identificadas.<\/p>\n<p>A primeira a\u00e7\u00e3o acontece nesta sexta-feira (4), atendendo os trabalhadores da Coopvila e da Cooplum. As atividades seguem durante todo o m\u00eas, passando pelas demais cooperativas parceiras. Para a Alurb, a iniciativa representa uma forma de facilitar o acesso dos catadores aos servi\u00e7os de sa\u00fade e ampliar o cuidado com profissionais que desempenham um papel fundamental na coleta seletiva, na reciclagem e na sustentabilidade da capital.<\/p>\n<p><strong>Confira a programa\u00e7\u00e3o:<\/strong><\/p>\n<p>04\/09 \u2013 Coopvila e Cooplum<\/p>\n<p>11\/09 \u2013 Cooprel Benedito Bentes<\/p>\n<p>18\/09 \u2013 Coopmunda\u00fa<\/p>\n<p>25\/09 \u2013 Cooprel Antares<\/p>\n<div class=\"gabinate\">\n<a href=\"https:\/\/maceio.al.gov.br\/secretarias-e-orgaos\/alurb\">ALURB<\/a><\/p>\n<h2>Autarquia de Desenvolvimento Sustent\u00e1vel e Limpeza Urbana<\/h2>\n<p><span><\/p>\n<p>Rua Cel. Pedro Lima, 69 &#8211; Jaragu\u00e1;<br \/>CEP 57022-220 \/\/ Telefone: (82) 3312-5380 | Central de Monitoramento Sudes: 0800 082 2600 \/ (82) 98802-4834 (Whatsapp) | Informa\u00e7\u00f5es\/Agendamento Parques: (82) 98801-3651<br \/><a href=\"http:\/\/maceio.al.gov.br\/cdn-cgi\/l\/email-protection#26565449524945494a4966474a535444084b4745434f4908474a08414950084454\" target=\"_blank\" rel=\"noreferrer noopener\"><span class=\"__cf_email__\" data-cfemail=\"48383a273c272b2724270829243d3a2a6625292b2d2127662924662f273e662a3a\">[email\u00a0protected]<\/span><\/a><br \/>Hor\u00e1rio de atendimento: segunda a sexta, de 8h \u00e0s 14h<\/p>\n<p><\/span><\/div>\n<\/div>\n<p><script async defer crossorigin=\"anonymous\" src=\"https:\/\/connect.facebook.net\/pt_BR\/sdk.js#xfbml=1&#038;version=v12.0\" nonce=\"0pFl3y7T\"><\/script><br \/>\n<br \/><br \/>\n<br \/><a href=\"https:\/\/maceio.al.gov.br\/noticias\/alurb\/saude-dos-catadores-leva-servicos-medicos-e-de-assistencia-social-as-cooperativas-de-reciclaveis-de-maceio\">Prefeitura de Macei\u00f3 <\/a><\/p>\n","protected":false},"excerpt":{"rendered":"<p>A Autarquia Municipal de Desenvolvimento Sustent\u00e1vel e Limpeza Urbana (Alurb) inicia nesta sexta-feira (4) uma programa\u00e7\u00e3o especial voltada \u00e0 sa\u00fade dos catadores de materiais recicl\u00e1veis de Macei\u00f3. A iniciativa, realizada em parceria com as secretarias municipais de Sa\u00fade e de Assist\u00eancia Social, integra o programa Sa\u00fade dos Catadores \u2013 com Sa\u00fade da Gente e vai [&hellip;]<\/p>\n","protected":false},"author":1,"featured_media":35699,"comment_status":"closed","ping_status":"","sticky":false,"template":"","format":"standard","meta":{"footnotes":""},"categories":[9],"tags":[],"class_list":["post-35698","post","type-post","status-publish","format-standard","has-post-thumbnail","hentry","category-maceio"],"_links":{"self":[{"href":"https:\/\/diarioalagoas.com.br\/index.php?rest_route=\/wp\/v2\/posts\/35698","targetHints":{"allow":["GET"]}}],"collection":[{"href":"https:\/\/diarioalagoas.com.br\/index.php?rest_route=\/wp\/v2\/posts"}],"about":[{"href":"https:\/\/diarioalagoas.com.br\/index.php?rest_route=\/wp\/v2\/types\/post"}],"author":[{"embeddable":true,"href":"https:\/\/diarioalagoas.com.br\/index.php?rest_route=\/wp\/v2\/users\/1"}],"replies":[{"embeddable":true,"href":"https:\/\/diarioalagoas.com.br\/index.php?rest_route=%2Fwp%2Fv2%2Fcomments&post=35698"}],"version-history":[{"count":0,"href":"https:\/\/diarioalagoas.com.br\/index.php?rest_route=\/wp\/v2\/posts\/35698\/revisions"}],"wp:featuredmedia":[{"embeddable":true,"href":"https:\/\/diarioalagoas.com.br\/index.php?rest_route=\/wp\/v2\/media\/35699"}],"wp:attachment":[{"href":"https:\/\/diarioalagoas.com.br\/index.php?rest_route=%2Fwp%2Fv2%2Fmedia&parent=35698"}],"wp:term":[{"taxonomy":"category","embeddable":true,"href":"https:\/\/diarioalagoas.com.br\/index.php?rest_route=%2Fwp%2Fv2%2Fcategories&post=35698"},{"taxonomy":"post_tag","embeddable":true,"href":"https:\/\/diarioalagoas.com.br\/index.php?rest_route=%2Fwp%2Fv2%2Ftags&post=35698"}],"curies":[{"name":"wp","href":"https:\/\/api.w.org\/{rel}","templated":true}]}}