{"id":6424,"date":"2025-05-09T16:07:49","date_gmt":"2025-05-09T19:07:49","guid":{"rendered":"https:\/\/diarioalagoas.com.br\/?p=6424"},"modified":"2025-05-09T16:07:49","modified_gmt":"2025-05-09T19:07:49","slug":"brasil-e-russia-discutem-aumento-das-relacoes-na-area-de-energia","status":"publish","type":"post","link":"https:\/\/diarioalagoas.com.br\/?p=6424","title":{"rendered":"Brasil e R\u00fassia discutem aumento das rela\u00e7\u00f5es na \u00e1rea de energia"},"content":{"rendered":"<p> <br \/>\n<\/p>\n<div>\n<p><strong>O presidente Luiz In\u00e1cio Lula da Silva afirmou, nesta sexta-feira (9), que o Brasil quer ampliar as rela\u00e7\u00f5es bilaterais com a R\u00fassia, especialmente na \u00e1rea de energia. <\/strong>Em encontro com o presidente russo, Vladimir Putin, em Moscou, Lula disse que tem \u201cmuito interesse\u201d na experi\u00eancia do pa\u00eds euroasi\u00e1tico com pequenas usinas nucleares.<img decoding=\"async\" src=\"https:\/\/agenciabrasil.ebc.com.br\/ebc.png?id=1642194&amp;o=node\" style=\"width:1px; height:1px; display:inline;\"\/><img decoding=\"async\" src=\"https:\/\/agenciabrasil.ebc.com.br\/ebc.gif?id=1642194&amp;o=node\" style=\"width:1px; height:1px; display:inline;\"\/><\/p>\n<blockquote>\n<p>\u201cEsta minha visita aqui \u00e9 para estreitar e refazer, com muito mais for\u00e7a, a nossa constru\u00e7\u00e3o de parceria estrat\u00e9gica. O Brasil tem interesses pol\u00edticos, comerciais, culturais, interesses cient\u00edfico e tecnol\u00f3gico com a R\u00fassia\u201d, disse Lula, lembrando que o fluxo comercial Brasil-R\u00fassia \u00e9 de cerca de US$ 12,5 bilh\u00f5es.<\/p>\n<\/blockquote>\n<p>\u201c\u00c9 um fluxo comercial bastante deficit\u00e1rio para o Brasil, mas n\u00f3s entendemos que o potencial de crescimento dessa rela\u00e7\u00e3o \u00e9 muito grande. N\u00f3s temos interesse em discutir a \u00e1rea da defesa, espacial, cient\u00edfica e tecnol\u00f3gica, da educa\u00e7\u00e3o e a \u00e1rea, sobretudo, da quest\u00e3o energ\u00e9tica\u201d, acrescentou o presidente.<\/p>\n<p><strong>Durante o encontro, houve assinatura de atos na \u00e1rea de ci\u00eancia e tecnologia.<\/strong> Entre os integrantes da comitiva de Lula, est\u00e3o os ministros de Minas e Energia, Alexandre Silveira, e de Ci\u00eancia, Tecnologia e Inova\u00e7\u00e3o, Luciana Santos, al\u00e9m do presidente do Senado, Davi Alcolumbre.<\/p>\n<p><strong>O presidente Putin, por sua vez, afirmou que as rela\u00e7\u00f5es entre os dois pa\u00edses est\u00e3o se desenvolvendo em contatos de alto n\u00edvel e lembrou que o Brasil mant\u00e9m as posi\u00e7\u00f5es de lideran\u00e7a nas importa\u00e7\u00f5es da R\u00fassia de produtos alimentares.<\/strong><\/p>\n<p>O Brasil tem uma rela\u00e7\u00e3o comercial importante com a R\u00fassia, importando dois produtos fundamentais, fertilizantes e \u00f3leo diesel, e exportando, principalmente, produtos do agroneg\u00f3cio, como soja, carne bovina, caf\u00e9 n\u00e3o torrado, carne de aves e suas miudezas e tabaco.<\/p>\n<p><strong>Lula chegou a Moscou na \u00faltima quarta-feira (7), em visita no contexto das celebra\u00e7\u00f5es dos <a href=\"https:\/\/agenciabrasil.ebc.com.br\/internacional\/noticia\/2025-05\/na-russia-lula-celebra-80-anos-da-vitoria-contra-o-nazismo\">80 anos da vit\u00f3ria<\/a> da Uni\u00e3o Sovi\u00e9tica sobre a Alemanha nazista na Segunda Guerra Mundial. <\/strong>\u00c9 o feriado mais importante do pa\u00eds e foi comemorado, na manh\u00e3 de hoje, com um grandioso desfile c\u00edvico-militar, antes da reuni\u00e3o bilateral entre os dois l\u00edderes.<\/p>\n<p>Em Moscou, ainda nesta sexta-feira, est\u00e1 previsto um encontro de Lula com o primeiro-ministro da Eslov\u00e1quia, Robert Fico.<\/p>\n<div class=\"dnd-widget-wrapper context-cheio_8colunas type-image atom-align-center\">\n<div class=\"dnd-atom-rendered\"><!-- scald=423778:cheio_8colunas {\"additionalClasses\":\"\"} --><br \/>\n            <img decoding=\"async\" src=\"https:\/\/imagens.ebc.com.br\/YcsbAiwm0wTdSFyXI9_-LdoBwSw=\/754x0\/smart\/https:\/\/agenciabrasil.ebc.com.br\/sites\/default\/files\/thumbnails\/image\/2025\/05\/09\/54507791421_569de60487_o.jpg?itok=mReVqa2T\" alt=\"R\u00fassia- 09\/05\/2025 Presidente da Rep\u00fablica, Luiz In\u00e1cio Lula da Silva, durante reuni\u00e3o com o Presidente da Federa\u00e7\u00e3o da R\u00fassia, Vladimir Putin. Grande Pal\u00e1cio do Kremlin, R\u00fassia - Moscou.&#13;&#10;Foto: Ricardo Stuckert \/ PR\" title=\"Ricardo Stuckert \/ PR\"\/><br \/>\n        <img decoding=\"async\" src=\"https:\/\/imagens.ebc.com.br\/YcsbAiwm0wTdSFyXI9_-LdoBwSw=\/754x0\/smart\/https:\/\/agenciabrasil.ebc.com.br\/sites\/default\/files\/thumbnails\/image\/2025\/05\/09\/54507791421_569de60487_o.jpg?itok=mReVqa2T\" alt=\"R\u00fassia- 09\/05\/2025 Presidente da Rep\u00fablica, Luiz In\u00e1cio Lula da Silva, durante reuni\u00e3o com o Presidente da Federa\u00e7\u00e3o da R\u00fassia, Vladimir Putin. Grande Pal\u00e1cio do Kremlin, R\u00fassia - Moscou.&#13;&#10;Foto: Ricardo Stuckert \/ PR\" title=\"Ricardo Stuckert \/ PR\"\/><br \/>\n    <!-- END scald=423778 --><\/div>\n<p><h6 class=\"meta rtecenter\">Presidente da Rep\u00fablica, Luiz In\u00e1cio Lula da Silva, durante reuni\u00e3o com o Presidente da Federa\u00e7\u00e3o da R\u00fassia, Vladimir Putin. Grande Pal\u00e1cio do Kremlin, R\u00fassia &#8211; Moscou\u00a0Foto: <strong>Ricardo Stuckert \/ PR<\/strong><!--END copyright=423778--><\/h6>\n<\/p>\n<\/div>\n<p>\u00a0<\/p>\n<h2>Tarifa\u00e7o<\/h2>\n<p><strong>A viagem de Lula ocorre em meio ao acirramento da guerra comercial entre Estados Unidos e China, as duas maiores economias do planeta, com a imposi\u00e7\u00e3o de tarifas m\u00fatuas, desencadeada por iniciativa do presidente norte-americano Donald Trump. <\/strong>O brasileiro comentou o tema na reuni\u00e3o com o russo Vladimir Putin.<\/p>\n<blockquote>\n<p>\u201cAs \u00faltimas decis\u00f5es anunciadas pelo presidente dos Estados Unidos, de taxa\u00e7\u00e3o de com\u00e9rcio com todos os pa\u00edses do mundo, de forma unilateral, jogam por terra a grande ideia do livre com\u00e9rcio, joga por terra a grande ideia do fortalecimento do multilateralismo e joga por terra, muitas vezes, o respeito \u00e0 soberania dos pa\u00edses que n\u00f3s temos que ter\u201d, disse Lula.<\/p>\n<\/blockquote>\n<p>A visita presidencial \u00e0 R\u00fassia segue at\u00e9 este s\u00e1bado (10), quando Lula segue para Pequim, na China. L\u00e1, ele participa da c\u00fapula entre o gigante asi\u00e1tico e pa\u00edses da Comunidade de Estados Latino-Americanos e Caribenhos (Celac), nos dias 12 e 13 de maio, al\u00e9m de fazer uma visita de Estado, com a assinatura de, <a href=\"https:\/\/agenciabrasil.ebc.com.br\/politica\/noticia\/2025-05\/brasil-e-china-devem-fechar-16-acordos-em-nova-visita-de-lula-pequim\">pelo menos, 16 atos bilaterais<\/a>.<\/p>\n<p>      <!-- Relacionada --><\/p>\n<p>            <!-- Relacionada -->\n    <\/div>\n<p><br \/>\n<br \/><a href=\"https:\/\/agenciabrasil.ebc.com.br\/politica\/noticia\/2025-05\/brasil-e-russia-discutem-aumento-das-relacoes-na-area-de-energia\">Ag\u00eancia Brasil <\/a><\/p>\n","protected":false},"excerpt":{"rendered":"<p>O presidente Luiz In\u00e1cio Lula da Silva afirmou, nesta sexta-feira (9), que o Brasil quer ampliar as rela\u00e7\u00f5es bilaterais com a R\u00fassia, especialmente na \u00e1rea de energia. Em encontro com o presidente russo, Vladimir Putin, em Moscou, Lula disse que tem \u201cmuito interesse\u201d na experi\u00eancia do pa\u00eds euroasi\u00e1tico com pequenas usinas nucleares. \u201cEsta minha visita [&hellip;]<\/p>\n","protected":false},"author":1,"featured_media":6425,"comment_status":"closed","ping_status":"","sticky":false,"template":"","format":"standard","meta":{"footnotes":""},"categories":[10],"tags":[],"class_list":["post-6424","post","type-post","status-publish","format-standard","has-post-thumbnail","hentry","category-politica"],"_links":{"self":[{"href":"https:\/\/diarioalagoas.com.br\/index.php?rest_route=\/wp\/v2\/posts\/6424","targetHints":{"allow":["GET"]}}],"collection":[{"href":"https:\/\/diarioalagoas.com.br\/index.php?rest_route=\/wp\/v2\/posts"}],"about":[{"href":"https:\/\/diarioalagoas.com.br\/index.php?rest_route=\/wp\/v2\/types\/post"}],"author":[{"embeddable":true,"href":"https:\/\/diarioalagoas.com.br\/index.php?rest_route=\/wp\/v2\/users\/1"}],"replies":[{"embeddable":true,"href":"https:\/\/diarioalagoas.com.br\/index.php?rest_route=%2Fwp%2Fv2%2Fcomments&post=6424"}],"version-history":[{"count":0,"href":"https:\/\/diarioalagoas.com.br\/index.php?rest_route=\/wp\/v2\/posts\/6424\/revisions"}],"wp:featuredmedia":[{"embeddable":true,"href":"https:\/\/diarioalagoas.com.br\/index.php?rest_route=\/wp\/v2\/media\/6425"}],"wp:attachment":[{"href":"https:\/\/diarioalagoas.com.br\/index.php?rest_route=%2Fwp%2Fv2%2Fmedia&parent=6424"}],"wp:term":[{"taxonomy":"category","embeddable":true,"href":"https:\/\/diarioalagoas.com.br\/index.php?rest_route=%2Fwp%2Fv2%2Fcategories&post=6424"},{"taxonomy":"post_tag","embeddable":true,"href":"https:\/\/diarioalagoas.com.br\/index.php?rest_route=%2Fwp%2Fv2%2Ftags&post=6424"}],"curies":[{"name":"wp","href":"https:\/\/api.w.org\/{rel}","templated":true}]}}