{"id":6438,"date":"2025-05-09T20:13:00","date_gmt":"2025-05-09T23:13:00","guid":{"rendered":"https:\/\/diarioalagoas.com.br\/?p=6438"},"modified":"2025-05-09T20:13:00","modified_gmt":"2025-05-09T23:13:00","slug":"prefeitura-de-maceio-restaurante-popular-tem-programacao-especial","status":"publish","type":"post","link":"https:\/\/diarioalagoas.com.br\/?p=6438","title":{"rendered":"Prefeitura de Macei\u00f3 | Restaurante Popular tem programa\u00e7\u00e3o especial\u2026"},"content":{"rendered":"<p> <br \/>\n<\/p>\n<div id=\"\">\n<p>Na manh\u00e3 desta sexta-feira (9), os clientes do Restaurante Popular do Centro de Macei\u00f3 participaram de uma programa\u00e7\u00e3o especial para celebrar o Dia das M\u00e3es, que ser\u00e1 comemorado no pr\u00f3ximo domingo (11). O evento contou com um card\u00e1pio especial, entrega de brindes e a participa\u00e7\u00e3o da banda da Guarda Civil de Macei\u00f3, fazendo a alegria dos usu\u00e1rios com muita m\u00fasica.<\/p>\n<p>Dona Maria Cristina \u00e9 moradora do Tabuleiro do Martins e frequenta a unidade do Centro, diariamente. Al\u00e9m de m\u00e3e e av\u00f3, se sentiu lisonjeada por participar do evento. &#8220;Confesso que estou muito feliz em participar dessa festa linda com tanta sensibilidade em todos os aspectos. Sou m\u00e3e e av\u00f3 e celebrar essa data sempre tem um significado muito especial, principalmente quando \u00e9 num lugar maravilhoso como esse. Est\u00e3o de parab\u00e9ns&#8221;, disse.<\/p>\n<div class=\"single-section-box single-section-img single-box-center\">\n<figure>\n<a href=\"https:\/\/maceioalgovbr.dhost.cloud\/uploads\/imagens\/09-05-25-Homenagem-as-Maes-Restaurante-Popular-Diretoria-de-Seguranca-Alimentar-Semdes-Fotos-Allan-Cesar-13_2025-05-09-194553_cdtd.jpg\" data-fancybox=\"images\"><br \/>\n<img decoding=\"async\" src=\"https:\/\/maceioalgovbr.dhost.cloud\/uploads\/imagens\/_845xAUTO_crop_center-center_none\/09-05-25-Homenagem-as-Maes-Restaurante-Popular-Diretoria-de-Seguranca-Alimentar-Semdes-Fotos-Allan-Cesar-13_2025-05-09-194553_cdtd.jpg\" alt=\"Maria Cristina parabeniza a Prefeitura de Macei\u00f3 pelo evento. Foto: Allan C\u00e9sar\/ Secom Macei\u00f3\"\/><br \/>\n<\/a><figcaption><small class=\"img-credits\">Maria Cristina parabeniza a Prefeitura de Macei\u00f3 pelo evento. Foto: Allan C\u00e9sar\/ Secom Macei\u00f3<\/small><\/figcaption><\/figure>\n<\/div>\n<p>Para a ocasi\u00e3o, foi preparado um card\u00e1pio especial com frango gratinado, torta de frango, arroz de beterraba, macarr\u00e3o ao molho, legumes refogados e um bolo de chocolate de sobremesa.<\/p>\n<p>&#8220;Hoje, em especial, n\u00f3s temos um menu que foi preparado com muito amor, com muito carinho, divers\u00e3o e, sobretudo, com muito valor nutricional para os maceioenses que sempre merecem receber o melhor. Esse evento tem como objetivo  homenagear o dia das m\u00e3es, que por sinal, \u00e9 todos os dias&#8221;, pontuou a diretora de Seguran\u00e7a Alimentar da Secretaria de Desenvolvimento Social, Primeira Inf\u00e2ncia e Seguran\u00e7a Alimentar de Macei\u00f3, Yasminne Cavalcante.<\/p>\n<p><strong>Restaurante Popular<\/strong><\/p>\n<p>O Restaurante Popular do Centro fica localizado na Rua Bar\u00e3o de Alagoas e atende nas modalidades presencial e pague e leve.<\/p>\n<p>As fichas para o caf\u00e9 da manh\u00e3, no valor de R$ 1,00, come\u00e7am a ser vendidas \u00e0s 7h e d\u00e3o direito a dois p\u00e3es com manteiga, uma fruta da esta\u00e7\u00e3o e um copo de caf\u00e9.<\/p>\n<p>As fichas do almo\u00e7o est\u00e3o dispon\u00edveis a partir das 10h30. A quentinha do almo\u00e7o, no valor de R$ 3,00, cont\u00e9m arroz, feij\u00e3o, macarr\u00e3o, prote\u00edna, sobremesa e suco.<\/p>\n<p>Em datas comemorativas, \u00e9 feito um card\u00e1pio especial para os usu\u00e1rios saborearem uma alimenta\u00e7\u00e3o saud\u00e1vel e nutritiva, al\u00e9m de participarem de atividades de conv\u00edvio social e lazer.<\/p>\n<div class=\"gallery-item\">\n<span class=\"gallery-item__legend\">A\u00e7\u00e3o teve como objetivo celebrar o Dia das M\u00e3es que \u00e9 comemorado neste domingo (8). Fotos: Allan C\u00e9sar\/ Secom Macei\u00f3<\/span><\/div>\n<div class=\"gabinate\">\n<a href=\"https:\/\/maceio.al.gov.br\/secretarias-e-orgaos\/semdes\">SEMDES<\/a><br \/>\n<span><\/p>\n<p>Avenida Comendador Le\u00e3o, 1.383 &#8211; Po\u00e7o<br \/>CEP 57025-000 \/\/ Telefone: (82) 3312-5900<br \/>Hor\u00e1rio de atendimento: segunda a sexta, de 8h \u00e0s 14h<\/p>\n<p><\/span><\/div>\n<\/div>\n<p><script async defer crossorigin=\"anonymous\" src=\"https:\/\/connect.facebook.net\/pt_BR\/sdk.js#xfbml=1&#038;version=v12.0\" nonce=\"0pFl3y7T\"><\/script><br \/>\n<br \/><br \/>\n<br \/><a href=\"https:\/\/maceio.al.gov.br\/noticias\/semdes\/restaurante-popular-tem-programacao-especial-em-alusao-ao-dia-das-maes\">Prefeitura de Macei\u00f3 <\/a><\/p>\n","protected":false},"excerpt":{"rendered":"<p>Na manh\u00e3 desta sexta-feira (9), os clientes do Restaurante Popular do Centro de Macei\u00f3 participaram de uma programa\u00e7\u00e3o especial para celebrar o Dia das M\u00e3es, que ser\u00e1 comemorado no pr\u00f3ximo domingo (11). O evento contou com um card\u00e1pio especial, entrega de brindes e a participa\u00e7\u00e3o da banda da Guarda Civil de Macei\u00f3, fazendo a alegria [&hellip;]<\/p>\n","protected":false},"author":1,"featured_media":6439,"comment_status":"closed","ping_status":"","sticky":false,"template":"","format":"standard","meta":{"footnotes":""},"categories":[9],"tags":[],"class_list":["post-6438","post","type-post","status-publish","format-standard","has-post-thumbnail","hentry","category-maceio"],"_links":{"self":[{"href":"https:\/\/diarioalagoas.com.br\/index.php?rest_route=\/wp\/v2\/posts\/6438","targetHints":{"allow":["GET"]}}],"collection":[{"href":"https:\/\/diarioalagoas.com.br\/index.php?rest_route=\/wp\/v2\/posts"}],"about":[{"href":"https:\/\/diarioalagoas.com.br\/index.php?rest_route=\/wp\/v2\/types\/post"}],"author":[{"embeddable":true,"href":"https:\/\/diarioalagoas.com.br\/index.php?rest_route=\/wp\/v2\/users\/1"}],"replies":[{"embeddable":true,"href":"https:\/\/diarioalagoas.com.br\/index.php?rest_route=%2Fwp%2Fv2%2Fcomments&post=6438"}],"version-history":[{"count":0,"href":"https:\/\/diarioalagoas.com.br\/index.php?rest_route=\/wp\/v2\/posts\/6438\/revisions"}],"wp:featuredmedia":[{"embeddable":true,"href":"https:\/\/diarioalagoas.com.br\/index.php?rest_route=\/wp\/v2\/media\/6439"}],"wp:attachment":[{"href":"https:\/\/diarioalagoas.com.br\/index.php?rest_route=%2Fwp%2Fv2%2Fmedia&parent=6438"}],"wp:term":[{"taxonomy":"category","embeddable":true,"href":"https:\/\/diarioalagoas.com.br\/index.php?rest_route=%2Fwp%2Fv2%2Fcategories&post=6438"},{"taxonomy":"post_tag","embeddable":true,"href":"https:\/\/diarioalagoas.com.br\/index.php?rest_route=%2Fwp%2Fv2%2Ftags&post=6438"}],"curies":[{"name":"wp","href":"https:\/\/api.w.org\/{rel}","templated":true}]}}